{"id":4931,"date":"2014-07-10T15:20:00","date_gmt":"2014-07-10T13:20:00","guid":{"rendered":"https:\/\/www.offlanges.fr\/?p=4931"},"modified":"2025-12-21T15:21:16","modified_gmt":"2025-12-21T14:21:16","slug":"la-route-des-communes","status":"publish","type":"post","link":"https:\/\/www.offlanges.fr\/index.php\/2014\/07\/10\/la-route-des-communes\/","title":{"rendered":"La Route des Communes"},"content":{"rendered":"\n<p>Le portail\u00a0\u00ab<a href=\"http:\/\/www.routedescommunes.com\/\" target=\"_blank\" rel=\"noreferrer noopener\">\u00a0route des communes<\/a>\u00a0\u00bb\u00a0est ouvert \u00e0 toutes les communes de Franche-Comt\u00e9, avec des cartes et de nombreuses illustrations. Notre commune y figure en bonne place. Des mises \u00e0 jour r\u00e9guli\u00e8res sur les renseignements des communes sont r\u00e9alis\u00e9es. Ce portail est \u00e0 votre disposition pour toutes informations, projets, animations que vous aimeriez voir figurer sur ce site. De nombreux projets sont en cours de r\u00e9alisation <em>(associations, informations touristiques&#8230;)<\/em>.<\/p>\n\n\n\n<figure class=\"wp-block-image aligncenter size-large\"><a href=\"http:\/\/www.routedescommunes.com\/\" target=\"_blank\" rel=\" noreferrer noopener\"><img loading=\"lazy\" decoding=\"async\" width=\"1024\" height=\"241\" src=\"https:\/\/www.offlanges.fr\/wp-content\/uploads\/2025\/12\/LaRouteDesCommunes-1024x241.jpg\" alt=\"\" class=\"wp-image-4932\" srcset=\"https:\/\/www.offlanges.fr\/wp-content\/uploads\/2025\/12\/LaRouteDesCommunes-1024x241.jpg 1024w, https:\/\/www.offlanges.fr\/wp-content\/uploads\/2025\/12\/LaRouteDesCommunes-300x71.jpg 300w, https:\/\/www.offlanges.fr\/wp-content\/uploads\/2025\/12\/LaRouteDesCommunes-768x181.jpg 768w, https:\/\/www.offlanges.fr\/wp-content\/uploads\/2025\/12\/LaRouteDesCommunes-1536x361.jpg 1536w, https:\/\/www.offlanges.fr\/wp-content\/uploads\/2025\/12\/LaRouteDesCommunes.jpg 2041w\" sizes=\"auto, (max-width: 1024px) 100vw, 1024px\" \/><\/a><\/figure>\n","protected":false},"excerpt":{"rendered":"<p>Le portail\u00a0\u00ab\u00a0route des communes\u00a0\u00bb\u00a0est ouvert \u00e0 toutes les communes de Franche-Comt\u00e9, avec des cartes et de nombreuses illustrations. Notre commune y figure en bonne place. Des mises \u00e0 jour r\u00e9guli\u00e8res sur les renseignements des communes sont r\u00e9alis\u00e9es. Ce portail est \u00e0 votre disposition pour toutes informations, projets, animations que vous aimeriez voir figurer sur ce [&hellip;]<\/p>\n","protected":false},"author":1,"featured_media":4932,"comment_status":"closed","ping_status":"closed","sticky":false,"template":"","format":"standard","meta":{"footnotes":""},"categories":[3],"tags":[69],"class_list":["post-4931","post","type-post","status-publish","format-standard","has-post-thumbnail","hentry","category-annonces","tag-69"],"_links":{"self":[{"href":"https:\/\/www.offlanges.fr\/index.php\/wp-json\/wp\/v2\/posts\/4931","targetHints":{"allow":["GET"]}}],"collection":[{"href":"https:\/\/www.offlanges.fr\/index.php\/wp-json\/wp\/v2\/posts"}],"about":[{"href":"https:\/\/www.offlanges.fr\/index.php\/wp-json\/wp\/v2\/types\/post"}],"author":[{"embeddable":true,"href":"https:\/\/www.offlanges.fr\/index.php\/wp-json\/wp\/v2\/users\/1"}],"replies":[{"embeddable":true,"href":"https:\/\/www.offlanges.fr\/index.php\/wp-json\/wp\/v2\/comments?post=4931"}],"version-history":[{"count":1,"href":"https:\/\/www.offlanges.fr\/index.php\/wp-json\/wp\/v2\/posts\/4931\/revisions"}],"predecessor-version":[{"id":4933,"href":"https:\/\/www.offlanges.fr\/index.php\/wp-json\/wp\/v2\/posts\/4931\/revisions\/4933"}],"wp:featuredmedia":[{"embeddable":true,"href":"https:\/\/www.offlanges.fr\/index.php\/wp-json\/wp\/v2\/media\/4932"}],"wp:attachment":[{"href":"https:\/\/www.offlanges.fr\/index.php\/wp-json\/wp\/v2\/media?parent=4931"}],"wp:term":[{"taxonomy":"category","embeddable":true,"href":"https:\/\/www.offlanges.fr\/index.php\/wp-json\/wp\/v2\/categories?post=4931"},{"taxonomy":"post_tag","embeddable":true,"href":"https:\/\/www.offlanges.fr\/index.php\/wp-json\/wp\/v2\/tags?post=4931"}],"curies":[{"name":"wp","href":"https:\/\/api.w.org\/{rel}","templated":true}]}}