{"id":4922,"date":"2017-06-20T14:45:00","date_gmt":"2017-06-20T12:45:00","guid":{"rendered":"https:\/\/www.offlanges.fr\/?p=4922"},"modified":"2026-02-10T13:35:45","modified_gmt":"2026-02-10T12:35:45","slug":"inauguration-de-la-restauration-interieure-de-leglise","status":"publish","type":"post","link":"https:\/\/www.offlanges.fr\/index.php\/2017\/06\/20\/inauguration-de-la-restauration-interieure-de-leglise\/","title":{"rendered":"Inauguration de la restauration int\u00e9rieure de l&rsquo;\u00e9glise"},"content":{"rendered":"\n<p>Marc BARBIER, Maire d\u2019Offlanges et le conseil municipal vous prient de bien vouloir honorer de votre pr\u00e9sence la c\u00e9r\u00e9monie marquant la fin des travaux de r\u00e9novation de l\u2019\u00e9glise NOTRE-DAME DE L\u2019ASSOMPTION,<\/p>\n\n\n\n<p class=\"has-text-align-center\"><strong>Samedi 15 juillet 2017 \u00e0 10 h 30<\/strong><\/p>\n\n\n\n<p><em>en pr\u00e9sence de<\/em><br><em>M. Nicolas VENTRE, Sous-Pr\u00e9fet de Dole<br>M. Jean-Marie SERMIER, D\u00e9put\u00e9 du Jura<br>M. Gilbert BARBIER, S\u00e9nateur du Jura<br>Mme Marie-Guite DUFAY, Pr\u00e9sidente de la r\u00e9gion Bourgogne-Franche-Comt\u00e9<br>M. Cl\u00e9ment PERNOT, Pr\u00e9sident du conseil d\u00e9partemental du Jura<\/em><br><em>Mgr Vincent JORDY, \u00c9v\u00eaque de Saint-Claude<\/em>.<\/p>\n\n\n\n<p>Un vin d\u2019honneur cl\u00f4turera cette manifestation<\/p>\n\n\n\n<!--more  -->\n\n\n\n<figure class=\"wp-block-image aligncenter size-large\"><img loading=\"lazy\" decoding=\"async\" width=\"1024\" height=\"679\" src=\"https:\/\/www.offlanges.fr\/wp-content\/uploads\/2025\/12\/garde-1024x679.jpg\" alt=\"\" class=\"wp-image-4923\" srcset=\"https:\/\/www.offlanges.fr\/wp-content\/uploads\/2025\/12\/garde-1024x679.jpg 1024w, https:\/\/www.offlanges.fr\/wp-content\/uploads\/2025\/12\/garde-300x199.jpg 300w, https:\/\/www.offlanges.fr\/wp-content\/uploads\/2025\/12\/garde-768x509.jpg 768w, https:\/\/www.offlanges.fr\/wp-content\/uploads\/2025\/12\/garde.jpg 1200w\" sizes=\"auto, (max-width: 1024px) 100vw, 1024px\" \/><\/figure>\n","protected":false},"excerpt":{"rendered":"<p>Marc BARBIER, Maire d\u2019Offlanges et le conseil municipal vous prient de bien vouloir honorer de votre pr\u00e9sence la c\u00e9r\u00e9monie marquant la fin des travaux de r\u00e9novation de l\u2019\u00e9glise NOTRE-DAME DE L\u2019ASSOMPTION, Samedi 15 juillet 2017 \u00e0 10 h 30 en pr\u00e9sence deM. Nicolas VENTRE, Sous-Pr\u00e9fet de DoleM. Jean-Marie SERMIER, D\u00e9put\u00e9 du JuraM. Gilbert BARBIER, S\u00e9nateur [&hellip;]<\/p>\n","protected":false},"author":1,"featured_media":4923,"comment_status":"closed","ping_status":"closed","sticky":false,"template":"","format":"standard","meta":{"footnotes":""},"categories":[3],"tags":[67],"class_list":["post-4922","post","type-post","status-publish","format-standard","has-post-thumbnail","hentry","category-annonces","tag-67"],"_links":{"self":[{"href":"https:\/\/www.offlanges.fr\/index.php\/wp-json\/wp\/v2\/posts\/4922","targetHints":{"allow":["GET"]}}],"collection":[{"href":"https:\/\/www.offlanges.fr\/index.php\/wp-json\/wp\/v2\/posts"}],"about":[{"href":"https:\/\/www.offlanges.fr\/index.php\/wp-json\/wp\/v2\/types\/post"}],"author":[{"embeddable":true,"href":"https:\/\/www.offlanges.fr\/index.php\/wp-json\/wp\/v2\/users\/1"}],"replies":[{"embeddable":true,"href":"https:\/\/www.offlanges.fr\/index.php\/wp-json\/wp\/v2\/comments?post=4922"}],"version-history":[{"count":4,"href":"https:\/\/www.offlanges.fr\/index.php\/wp-json\/wp\/v2\/posts\/4922\/revisions"}],"predecessor-version":[{"id":5079,"href":"https:\/\/www.offlanges.fr\/index.php\/wp-json\/wp\/v2\/posts\/4922\/revisions\/5079"}],"wp:featuredmedia":[{"embeddable":true,"href":"https:\/\/www.offlanges.fr\/index.php\/wp-json\/wp\/v2\/media\/4923"}],"wp:attachment":[{"href":"https:\/\/www.offlanges.fr\/index.php\/wp-json\/wp\/v2\/media?parent=4922"}],"wp:term":[{"taxonomy":"category","embeddable":true,"href":"https:\/\/www.offlanges.fr\/index.php\/wp-json\/wp\/v2\/categories?post=4922"},{"taxonomy":"post_tag","embeddable":true,"href":"https:\/\/www.offlanges.fr\/index.php\/wp-json\/wp\/v2\/tags?post=4922"}],"curies":[{"name":"wp","href":"https:\/\/api.w.org\/{rel}","templated":true}]}}