{"id":4919,"date":"2017-10-03T14:43:00","date_gmt":"2017-10-03T12:43:00","guid":{"rendered":"https:\/\/www.offlanges.fr\/?p=4919"},"modified":"2025-12-21T14:45:18","modified_gmt":"2025-12-21T13:45:18","slug":"elaboration-du-plan-local-durbanisme-intercommunal-de-jura-nord","status":"publish","type":"post","link":"https:\/\/www.offlanges.fr\/index.php\/2017\/10\/03\/elaboration-du-plan-local-durbanisme-intercommunal-de-jura-nord\/","title":{"rendered":"\u00c9laboration du plan local d\u2019urbanisme intercommunal de Jura Nord"},"content":{"rendered":"\n<p>Sur un territoire de 33 communes regroupant presque 12 000 habitants, la Communaut\u00e9 de communes Jura Nord <em>(CCJN)<\/em> se caract\u00e9rise par une identit\u00e9 locale forte et un cadre de vie de qualit\u00e9 entre les deux p\u00f4les urbains de Besan\u00e7on et de Dole. Face \u00e0 une attractivit\u00e9 croissante, le territoire se doit d\u2019encadrer son d\u00e9veloppement tout en pr\u00e9servant son caract\u00e8re rural et en r\u00e9pondant aux besoins de ses habitants. Consciente de ces d\u00e9fis, notre intercommunalit\u00e9 s\u2019est engag\u00e9e dans une d\u00e9marche d\u2019envergure : l\u2019\u00e9laboration de son Plan Local d\u2019Urbanisme Intercommunal <em>(PLUI)<\/em>. Son objectif ? D\u00e9finir les grandes orientations d\u2019am\u00e9nagement du territoire pour les dix prochaines ann\u00e9es dans un contexte territorial et l\u00e9gislatif nouveau. Une large p\u00e9riode de concertation s\u2019ouvre pour r\u00e9fl\u00e9chir ensemble \u00e0 l\u2019avenir de notre territoire et construire un projet ambitieux, durable et partag\u00e9.<\/p>\n\n\n\n<!--more-->\n\n\n\n<div data-wp-interactive=\"core\/file\" class=\"wp-block-file\"><object data-wp-bind--hidden=\"!state.hasPdfPreview\" hidden class=\"wp-block-file__embed\" data=\"https:\/\/www.offlanges.fr\/wp-content\/uploads\/2025\/12\/1614c1b95652ff35978665bf7c8d947f.pdf\" type=\"application\/pdf\" style=\"width:100%;height:600px\" aria-label=\"Contenu embarqu\u00e9 1614c1b95652ff35978665bf7c8d947f.\"><\/object><a id=\"wp-block-file--media-226d3180-aabd-4d36-b2d5-79550ea04a35\" href=\"https:\/\/www.offlanges.fr\/wp-content\/uploads\/2025\/12\/1614c1b95652ff35978665bf7c8d947f.pdf\">1614c1b95652ff35978665bf7c8d947f<\/a><\/div>\n","protected":false},"excerpt":{"rendered":"<p>Sur un territoire de 33 communes regroupant presque 12 000 habitants, la Communaut\u00e9 de communes Jura Nord (CCJN) se caract\u00e9rise par une identit\u00e9 locale forte et un cadre de vie de qualit\u00e9 entre les deux p\u00f4les urbains de Besan\u00e7on et de Dole. Face \u00e0 une attractivit\u00e9 croissante, le territoire se doit d\u2019encadrer son d\u00e9veloppement tout [&hellip;]<\/p>\n","protected":false},"author":1,"featured_media":4725,"comment_status":"closed","ping_status":"closed","sticky":false,"template":"","format":"standard","meta":{"footnotes":""},"categories":[3],"tags":[67],"class_list":["post-4919","post","type-post","status-publish","format-standard","has-post-thumbnail","hentry","category-annonces","tag-67"],"_links":{"self":[{"href":"https:\/\/www.offlanges.fr\/index.php\/wp-json\/wp\/v2\/posts\/4919","targetHints":{"allow":["GET"]}}],"collection":[{"href":"https:\/\/www.offlanges.fr\/index.php\/wp-json\/wp\/v2\/posts"}],"about":[{"href":"https:\/\/www.offlanges.fr\/index.php\/wp-json\/wp\/v2\/types\/post"}],"author":[{"embeddable":true,"href":"https:\/\/www.offlanges.fr\/index.php\/wp-json\/wp\/v2\/users\/1"}],"replies":[{"embeddable":true,"href":"https:\/\/www.offlanges.fr\/index.php\/wp-json\/wp\/v2\/comments?post=4919"}],"version-history":[{"count":1,"href":"https:\/\/www.offlanges.fr\/index.php\/wp-json\/wp\/v2\/posts\/4919\/revisions"}],"predecessor-version":[{"id":4921,"href":"https:\/\/www.offlanges.fr\/index.php\/wp-json\/wp\/v2\/posts\/4919\/revisions\/4921"}],"wp:featuredmedia":[{"embeddable":true,"href":"https:\/\/www.offlanges.fr\/index.php\/wp-json\/wp\/v2\/media\/4725"}],"wp:attachment":[{"href":"https:\/\/www.offlanges.fr\/index.php\/wp-json\/wp\/v2\/media?parent=4919"}],"wp:term":[{"taxonomy":"category","embeddable":true,"href":"https:\/\/www.offlanges.fr\/index.php\/wp-json\/wp\/v2\/categories?post=4919"},{"taxonomy":"post_tag","embeddable":true,"href":"https:\/\/www.offlanges.fr\/index.php\/wp-json\/wp\/v2\/tags?post=4919"}],"curies":[{"name":"wp","href":"https:\/\/api.w.org\/{rel}","templated":true}]}}