{"id":4911,"date":"2017-11-23T14:38:00","date_gmt":"2017-11-23T13:38:00","guid":{"rendered":"https:\/\/www.offlanges.fr\/?p=4911"},"modified":"2025-12-21T14:40:15","modified_gmt":"2025-12-21T13:40:15","slug":"recensement-de-la-population-2","status":"publish","type":"post","link":"https:\/\/www.offlanges.fr\/index.php\/2017\/11\/23\/recensement-de-la-population-2\/","title":{"rendered":"Recensement de la population"},"content":{"rendered":"\n<p>Le recensement de la population sur la commune d\u2019Offlanges aura lieu du&nbsp;<strong>18 janvier au 17 f\u00e9vrier 2018<\/strong>.<\/p>\n\n\n\n<p>La mairie recrute un\u00a0agent recenseur\u00a0pour r\u00e9aliser ce travail.<\/p>\n\n\n\n<p>Les candidats peuvent se pr\u00e9senter en mairie ou d\u00e9poser leur dossier soit dans la boite aux lettres soit par mail <strong>avant le 14 d\u00e9cembre 2017<\/strong>.<\/p>\n\n\n\n<p>Ces candidatures devront mentionner :<\/p>\n\n\n\n<ul class=\"wp-block-list\">\n<li>Les nom et pr\u00e9nom,<\/li>\n\n\n\n<li>La date de naissance,<\/li>\n\n\n\n<li>L\u2019adresse,<\/li>\n\n\n\n<li>Les motivations du candidat.<\/li>\n<\/ul>\n\n\n\n<p>Le candidat devra \u00eatre disponible \u00e0 partir du jeudi 4 janvier 2018 pour suivre deux s\u00e9ances de formation d\u2019une demi-journ\u00e9e.<\/p>\n\n\n\n<!--more-->\n\n\n\n<div data-wp-interactive=\"core\/file\" class=\"wp-block-file\"><object data-wp-bind--hidden=\"!state.hasPdfPreview\" hidden class=\"wp-block-file__embed\" data=\"https:\/\/www.offlanges.fr\/wp-content\/uploads\/2025\/12\/affiche_recensement_2018.pdf\" type=\"application\/pdf\" style=\"width:100%;height:600px\" aria-label=\"Contenu embarqu\u00e9 affiche_recensement_2018.\"><\/object><a id=\"wp-block-file--media-b560dcd3-f032-4d62-8012-d1baba42981d\" href=\"https:\/\/www.offlanges.fr\/wp-content\/uploads\/2025\/12\/affiche_recensement_2018.pdf\">affiche_recensement_2018<\/a><\/div>\n","protected":false},"excerpt":{"rendered":"<p>Le recensement de la population sur la commune d\u2019Offlanges aura lieu du&nbsp;18 janvier au 17 f\u00e9vrier 2018. La mairie recrute un\u00a0agent recenseur\u00a0pour r\u00e9aliser ce travail. Les candidats peuvent se pr\u00e9senter en mairie ou d\u00e9poser leur dossier soit dans la boite aux lettres soit par mail avant le 14 d\u00e9cembre 2017. Ces candidatures devront mentionner : [&hellip;]<\/p>\n","protected":false},"author":1,"featured_media":4748,"comment_status":"closed","ping_status":"closed","sticky":false,"template":"","format":"standard","meta":{"footnotes":""},"categories":[3],"tags":[67],"class_list":["post-4911","post","type-post","status-publish","format-standard","has-post-thumbnail","hentry","category-annonces","tag-67"],"_links":{"self":[{"href":"https:\/\/www.offlanges.fr\/index.php\/wp-json\/wp\/v2\/posts\/4911","targetHints":{"allow":["GET"]}}],"collection":[{"href":"https:\/\/www.offlanges.fr\/index.php\/wp-json\/wp\/v2\/posts"}],"about":[{"href":"https:\/\/www.offlanges.fr\/index.php\/wp-json\/wp\/v2\/types\/post"}],"author":[{"embeddable":true,"href":"https:\/\/www.offlanges.fr\/index.php\/wp-json\/wp\/v2\/users\/1"}],"replies":[{"embeddable":true,"href":"https:\/\/www.offlanges.fr\/index.php\/wp-json\/wp\/v2\/comments?post=4911"}],"version-history":[{"count":1,"href":"https:\/\/www.offlanges.fr\/index.php\/wp-json\/wp\/v2\/posts\/4911\/revisions"}],"predecessor-version":[{"id":4913,"href":"https:\/\/www.offlanges.fr\/index.php\/wp-json\/wp\/v2\/posts\/4911\/revisions\/4913"}],"wp:featuredmedia":[{"embeddable":true,"href":"https:\/\/www.offlanges.fr\/index.php\/wp-json\/wp\/v2\/media\/4748"}],"wp:attachment":[{"href":"https:\/\/www.offlanges.fr\/index.php\/wp-json\/wp\/v2\/media?parent=4911"}],"wp:term":[{"taxonomy":"category","embeddable":true,"href":"https:\/\/www.offlanges.fr\/index.php\/wp-json\/wp\/v2\/categories?post=4911"},{"taxonomy":"post_tag","embeddable":true,"href":"https:\/\/www.offlanges.fr\/index.php\/wp-json\/wp\/v2\/tags?post=4911"}],"curies":[{"name":"wp","href":"https:\/\/api.w.org\/{rel}","templated":true}]}}