{"id":465,"date":"2013-07-26T10:01:26","date_gmt":"2013-07-26T08:01:26","guid":{"rendered":"http:\/\/wordpress.offlanges.fr\/?p=465"},"modified":"2026-03-15T09:19:54","modified_gmt":"2026-03-15T08:19:54","slug":"confrerie-de-sainte-anne","status":"publish","type":"post","link":"https:\/\/www.offlanges.fr\/index.php\/2013\/07\/26\/confrerie-de-sainte-anne\/","title":{"rendered":"Confr\u00e9rie de Sainte-Anne"},"content":{"rendered":"\n<p><br>Il existe \u00e0 Offlanges la confr\u00e9rie de Sainte-Anne qui perp\u00e9tue, depuis 1616, une tradition toujours vivante aujourd\u2019hui. Chaque ann\u00e9e, un nouveau b\u00e2tonnier re\u00e7oit de son pr\u00e9d\u00e9cesseur la statue de Sainte-Anne. C\u2019est par une procession de fid\u00e8les et d\u2019anciens b\u00e2tonniers qu\u2019il accueille au sein de sa maison, cette statue pour l\u2019ann\u00e9e compl\u00e8te. Chaque b\u00e2tonnier participe ainsi \u00e0 une tradition qui fait partie de l\u2019histoire du village et de l\u2019identit\u00e9 de ses habitants. Autrefois, cette f\u00eate avait lieu le jour de la Sainte-Anne. Aujourd\u2019hui, elle est report\u00e9e au dimanche suivant le 26 juillet.<\/p>\n\n\n\n<figure class=\"wp-block-image aligncenter size-full is-resized\"><img loading=\"lazy\" decoding=\"async\" width=\"300\" height=\"333\" src=\"https:\/\/www.offlanges.fr\/wp-content\/uploads\/2025\/11\/SainteAnne1.jpg\" alt=\"\" class=\"wp-image-466\" style=\"width:388px;height:auto\" srcset=\"https:\/\/www.offlanges.fr\/wp-content\/uploads\/2025\/11\/SainteAnne1.jpg 300w, https:\/\/www.offlanges.fr\/wp-content\/uploads\/2025\/11\/SainteAnne1-270x300.jpg 270w\" sizes=\"auto, (max-width: 300px) 100vw, 300px\" \/><\/figure>\n\n\n\n<p>Tout commence le 25 juillet 1616, la veille m\u00eame de la f\u00eate de Sainte-Anne. Un certain nombre d\u2019habitants, parmi les plus influents du village, se r\u00e9unirent pour \u00e9tablir entre eux une confr\u00e9rie en l\u2019honneur de la sainte. Cette date correspond \u00e0 l\u2019officialisation de la confr\u00e9rie, ou plut\u00f4t, \u00e0 une nouvelle forme de celle qui \u00e9tait d\u00e9j\u00e0 en usage \u00e0 l\u2019\u00e9poque. Il existait des prieurs de Sainte-Anne longtemps avant le premier b\u00e2tonnier. Cet acte fondateur est rapport\u00e9 dans le livre de la confr\u00e9rie. Le premier b\u00e2tonnier, d\u00e9sign\u00e9 par tirage au sort, porte le nom de Jean Berginet.<\/p>\n\n\n\n<p>Rappelons qu\u2019au d\u00e9but du XVIIe si\u00e8cle, la Franche-Comt\u00e9 n\u2019est pas rattach\u00e9e \u00e0 la France et qu&rsquo;elle est une province ind\u00e9pendante administr\u00e9e par le parlement de Dole.<\/p>\n\n\n\n<p>En France, le culte de sainte Anne prit un accroissement consid\u00e9rable pendant tout le XVIIe si\u00e8cle. En 1638, la reine de France, Anne d\u2019Autriche, obtient du pape Urbain VIII l\u2019\u00e9rection d\u2019une confr\u00e9rie royale de Sainte-Anne \u00ab&nbsp;en sa chapelle pr\u00e8s d\u2019Auray&nbsp;\u00bb, en Bretagne, ainsi que de nombreuses indulgences et privil\u00e8ges.<\/p>\n\n\n\n<p>Ce qui avait \u00e9t\u00e9 accord\u00e9 \u00e0 la confr\u00e9rie royale de Sainte-Anne d\u2019Auray, l\u2019humble confraternit\u00e9 d\u2019Offlanges osa \u00e0 son tour le solliciter au pape Alexandre VII, par l\u2019entremise de Pierre Guillaume, cur\u00e9 de Brans. C\u2019est ainsi que le 18 septembre 1662, une bulle pontificale accorda les m\u00eames indulgences et privil\u00e8ges qu\u2019avait conc\u00e9d\u00e9s Urbain VIII \u00e0 celle d\u2019Auray.<\/p>\n\n\n\n<p>Durant ces si\u00e8cles d\u2019existence, la transmission de cette tradition ne fut pas toujours facile. Le livre de la confr\u00e9rie nous donne des indices sur les p\u00e9riodes difficiles qui ont marqu\u00e9 la vie des habitants d\u2019Offlanges. Par exemple, en 1652, la confr\u00e9rie n\u2019est plus compos\u00e9e que de deux membres. La guerre de dix ans (1634 &#8211; 1644), la peste (1636) et la famine ont d\u00e9vast\u00e9 la r\u00e9gion. On estime que les deux tiers des Francs-comtois sont morts. Offlanges n\u2019a bien s\u00fbr pas \u00e9chapp\u00e9 \u00e0 la r\u00e8gle. Les hommes importants dont les noms \u00e9taient mentionn\u00e9s lors de la cr\u00e9ation de la chapelle de sainte Anne en 1629, ne sont plus. Pour la plupart m\u00eame, leur famille a compl\u00e8tement disparu et l\u2019on n\u2019en retrouvera plus jamais trace dans le livre de la confr\u00e9rie.<\/p>\n\n\n\n<p>La p\u00e9riode de la R\u00e9volution fran\u00e7aise est marqu\u00e9e par un nombre moins important de b\u00e2tonniers, mais la transmission semble toujours avoir \u00e9t\u00e9 assur\u00e9e. Une lecture savante et attentive du registre de la confr\u00e9rie pourrait nous donner d\u2019autres \u00e9l\u00e9ments importants bien que cet ouvrage ne soit \u00e0 la base qu\u2019un livre de compte. Pour les p\u00e9riodes anciennes, en dehors des dates et des noms des confr\u00e8res et b\u00e2tonniers, peu d\u2019\u00e9l\u00e9ments permettent de nous informer de leurs us et coutumes. Pour la p\u00e9riode plus contemporaine, c\u2019est-\u00e0-dire \u00e0 partir de 1935, le registre nous donne plus de d\u00e9tails sur la c\u00e9l\u00e9bration religieuse de Sainte-Anne et des commentaires plus personnels y sont associ\u00e9s. Bien que son registre ait \u00e9t\u00e9 \u00e9gar\u00e9 de 1944 \u00e0 1949, la confr\u00e9rie a toujours pu assurer la transmission de l\u2019h\u00e9ritage qu\u2019elle avait re\u00e7u des anciens.<\/p>\n\n\n\n<figure class=\"wp-block-image aligncenter size-full\"><img loading=\"lazy\" decoding=\"async\" width=\"800\" height=\"600\" src=\"https:\/\/www.offlanges.fr\/wp-content\/uploads\/2025\/11\/100_6543.jpg\" alt=\"\" class=\"wp-image-467\" srcset=\"https:\/\/www.offlanges.fr\/wp-content\/uploads\/2025\/11\/100_6543.jpg 800w, https:\/\/www.offlanges.fr\/wp-content\/uploads\/2025\/11\/100_6543-300x225.jpg 300w, https:\/\/www.offlanges.fr\/wp-content\/uploads\/2025\/11\/100_6543-768x576.jpg 768w\" sizes=\"auto, (max-width: 800px) 100vw, 800px\" \/><\/figure>\n\n\n\n<figure class=\"wp-block-image aligncenter size-full\"><img loading=\"lazy\" decoding=\"async\" width=\"600\" height=\"800\" src=\"https:\/\/www.offlanges.fr\/wp-content\/uploads\/2025\/11\/100_5267.jpg\" alt=\"\" class=\"wp-image-469\" srcset=\"https:\/\/www.offlanges.fr\/wp-content\/uploads\/2025\/11\/100_5267.jpg 600w, https:\/\/www.offlanges.fr\/wp-content\/uploads\/2025\/11\/100_5267-225x300.jpg 225w\" sizes=\"auto, (max-width: 600px) 100vw, 600px\" \/><\/figure>\n\n\n\n<p>La d\u00e9votion \u00e0 Marie et \u00e0 sa m\u00e8re, sainte Anne, sera aussi marqu\u00e9e \u00e0 Offlanges par la construction de deux oratoires. Le premier, \u00e9rig\u00e9 en 1576 par Michel Barbier, est d\u00e9di\u00e9 \u00e0 la Vierge. Il a \u00e9t\u00e9 transf\u00e9r\u00e9 sur son lieu actuel au milieu du XIXe si\u00e8cle, \u00e0 la place d&rsquo;une ancienne b\u00e2tisse frapp\u00e9e d&rsquo;alignement. Le second, d\u00e9di\u00e9 \u00e0 sainte Anne fut construit en 1727 sur la route de Brans. Il est la propri\u00e9t\u00e9 de la famille Ma\u00eetre-Robert depuis 1855.<\/p>\n\n\n\n<figure class=\"wp-block-image aligncenter size-large\"><img loading=\"lazy\" decoding=\"async\" width=\"1024\" height=\"768\" src=\"https:\/\/www.offlanges.fr\/wp-content\/uploads\/2025\/11\/IMG_0163-1024x768.jpg\" alt=\"\" class=\"wp-image-471\" srcset=\"https:\/\/www.offlanges.fr\/wp-content\/uploads\/2025\/11\/IMG_0163-1024x768.jpg 1024w, https:\/\/www.offlanges.fr\/wp-content\/uploads\/2025\/11\/IMG_0163-300x225.jpg 300w, https:\/\/www.offlanges.fr\/wp-content\/uploads\/2025\/11\/IMG_0163-768x576.jpg 768w, https:\/\/www.offlanges.fr\/wp-content\/uploads\/2025\/11\/IMG_0163-1536x1152.jpg 1536w, https:\/\/www.offlanges.fr\/wp-content\/uploads\/2025\/11\/IMG_0163-2048x1536.jpg 2048w\" sizes=\"auto, (max-width: 1024px) 100vw, 1024px\" \/><figcaption class=\"wp-element-caption\"><em>Chapelle Sainte Anne<\/em><\/figcaption><\/figure>\n\n\n\n<figure class=\"wp-block-image aligncenter size-large\"><img loading=\"lazy\" decoding=\"async\" width=\"1024\" height=\"768\" src=\"https:\/\/www.offlanges.fr\/wp-content\/uploads\/2025\/11\/IMG_0158-1024x768.jpg\" alt=\"\" class=\"wp-image-470\" srcset=\"https:\/\/www.offlanges.fr\/wp-content\/uploads\/2025\/11\/IMG_0158-1024x768.jpg 1024w, https:\/\/www.offlanges.fr\/wp-content\/uploads\/2025\/11\/IMG_0158-300x225.jpg 300w, https:\/\/www.offlanges.fr\/wp-content\/uploads\/2025\/11\/IMG_0158-768x576.jpg 768w, https:\/\/www.offlanges.fr\/wp-content\/uploads\/2025\/11\/IMG_0158-1536x1152.jpg 1536w, https:\/\/www.offlanges.fr\/wp-content\/uploads\/2025\/11\/IMG_0158-2048x1536.jpg 2048w\" sizes=\"auto, (max-width: 1024px) 100vw, 1024px\" \/><figcaption class=\"wp-element-caption\"><em>Chapelle Notre Dame du Bon Secours<\/em><\/figcaption><\/figure>\n\n\n\n<p>Deux autres confr\u00e9ries ont exist\u00e9 \u00e0 Offlanges, mais n&rsquo;ont plus cours aujourd&rsquo;hui. La confr\u00e9rie des Agonisants \u00e0 qui le pape Cl\u00e9ment VI accorda certaines indulgences dans une bulle pontificale du 17 juin 1715 et la confr\u00e9rie du Saint-Sacrement, install\u00e9e \u00e0 Offlanges \u00e0 partir de la fin du XVIIIe si\u00e8cle.<\/p>\n\n\n\n<figure class=\"wp-block-video\"><video height=\"240\" style=\"aspect-ratio: 320 \/ 240;\" width=\"320\" controls src=\"https:\/\/www.offlanges.fr\/wp-content\/uploads\/2025\/11\/Ceremonie-de-Sainte-Anne.mov\"><\/video><\/figure>\n\n\n\n<p><\/p>\n","protected":false},"excerpt":{"rendered":"<p>Il existe \u00e0 Offlanges la confr\u00e9rie de Sainte-Anne qui perp\u00e9tue, depuis 1616, une tradition toujours vivante aujourd\u2019hui. Chaque ann\u00e9e, un nouveau b\u00e2tonnier re\u00e7oit de son pr\u00e9d\u00e9cesseur la statue de Sainte-Anne. C\u2019est par une procession de fid\u00e8les et d\u2019anciens b\u00e2tonniers qu\u2019il accueille au sein de sa maison, cette statue pour l\u2019ann\u00e9e compl\u00e8te. Chaque b\u00e2tonnier participe ainsi [&hellip;]<\/p>\n","protected":false},"author":1,"featured_media":468,"comment_status":"closed","ping_status":"closed","sticky":false,"template":"","format":"standard","meta":{"footnotes":""},"categories":[15],"tags":[71],"class_list":["post-465","post","type-post","status-publish","format-standard","has-post-thumbnail","hentry","category-patrimoine","tag-71"],"_links":{"self":[{"href":"https:\/\/www.offlanges.fr\/index.php\/wp-json\/wp\/v2\/posts\/465","targetHints":{"allow":["GET"]}}],"collection":[{"href":"https:\/\/www.offlanges.fr\/index.php\/wp-json\/wp\/v2\/posts"}],"about":[{"href":"https:\/\/www.offlanges.fr\/index.php\/wp-json\/wp\/v2\/types\/post"}],"author":[{"embeddable":true,"href":"https:\/\/www.offlanges.fr\/index.php\/wp-json\/wp\/v2\/users\/1"}],"replies":[{"embeddable":true,"href":"https:\/\/www.offlanges.fr\/index.php\/wp-json\/wp\/v2\/comments?post=465"}],"version-history":[{"count":6,"href":"https:\/\/www.offlanges.fr\/index.php\/wp-json\/wp\/v2\/posts\/465\/revisions"}],"predecessor-version":[{"id":1469,"href":"https:\/\/www.offlanges.fr\/index.php\/wp-json\/wp\/v2\/posts\/465\/revisions\/1469"}],"wp:featuredmedia":[{"embeddable":true,"href":"https:\/\/www.offlanges.fr\/index.php\/wp-json\/wp\/v2\/media\/468"}],"wp:attachment":[{"href":"https:\/\/www.offlanges.fr\/index.php\/wp-json\/wp\/v2\/media?parent=465"}],"wp:term":[{"taxonomy":"category","embeddable":true,"href":"https:\/\/www.offlanges.fr\/index.php\/wp-json\/wp\/v2\/categories?post=465"},{"taxonomy":"post_tag","embeddable":true,"href":"https:\/\/www.offlanges.fr\/index.php\/wp-json\/wp\/v2\/tags?post=465"}],"curies":[{"name":"wp","href":"https:\/\/api.w.org\/{rel}","templated":true}]}}