{"id":3200,"date":"2025-03-27T13:22:00","date_gmt":"2025-03-27T12:22:00","guid":{"rendered":"http:\/\/wordpress.offlanges.fr\/?p=3200"},"modified":"2026-03-15T09:14:04","modified_gmt":"2026-03-15T08:14:04","slug":"conferences","status":"publish","type":"post","link":"https:\/\/www.offlanges.fr\/index.php\/2025\/03\/27\/conferences\/","title":{"rendered":"Conf\u00e9rences"},"content":{"rendered":"\n<p>Le <strong>Syndicat de la Vall\u00e9e de l\u2019Ognon<\/strong> s\u2019engage dans une d\u00e9marche de dialogue territorial visant \u00e0 faciliter les \u00e9changes entre les citoyens, les chercheurs et les techniciens du Syndicat. Cette initiative permettra d\u2019aborder les grandes probl\u00e9matiques li\u00e9es \u00e0 l\u2019eau et aux milieux aquatiques. Vous pourrez \u00e9changer avec les sp\u00e9cialistes et les techniciens qui g\u00e8rent localement les cours d\u2019eau et les milieux aquatiques.<\/p>\n\n\n\n<p>Conf\u00e9rences <strong>gratuites<\/strong> et <strong>ouvertes \u00e0 tous<\/strong> &#8211; <strong>Th\u00e9\u00e2tre des Forges <\/strong>de <strong>Pesmes <\/strong>\u00e0 <strong>19h30<\/strong><\/p>\n\n\n\n<ul class=\"wp-block-list\">\n<li class=\"has-medium-font-size\"><mark style=\"background-color:rgba(0, 0, 0, 0);color:#0693e3\" class=\"has-inline-color\">Castor<\/mark> <em>(Le retour de l\u2019Architecte de nos rivi\u00e8res)<\/em> le 28 mars 2025<\/li>\n<\/ul>\n\n\n\n<figure class=\"wp-block-image aligncenter size-full\"><img loading=\"lazy\" decoding=\"async\" width=\"641\" height=\"907\" src=\"https:\/\/www.offlanges.fr\/wp-content\/uploads\/2025\/03\/Affiche_conference_Castor-DE-BVO.jpg\" alt=\"\" class=\"wp-image-3205\" srcset=\"https:\/\/www.offlanges.fr\/wp-content\/uploads\/2025\/03\/Affiche_conference_Castor-DE-BVO.jpg 641w, https:\/\/www.offlanges.fr\/wp-content\/uploads\/2025\/03\/Affiche_conference_Castor-DE-BVO-212x300.jpg 212w\" sizes=\"auto, (max-width: 641px) 100vw, 641px\" \/><\/figure>\n\n\n\n<ul class=\"wp-block-list\">\n<li class=\"has-medium-font-size\"><mark style=\"background-color:rgba(0, 0, 0, 0);color:#0693e3\" class=\"has-inline-color\">Synusie eau<\/mark> <em>(Et au milieu coulait une rivi\u00e8re)<\/em> le 3 avril 2025.<\/li>\n<\/ul>\n\n\n\n<figure class=\"wp-block-image aligncenter size-full\"><img loading=\"lazy\" decoding=\"async\" width=\"642\" height=\"908\" src=\"https:\/\/www.offlanges.fr\/wp-content\/uploads\/2025\/03\/Affiche_conference_Synusie_eau-BVO.jpg\" alt=\"\" class=\"wp-image-3206\" srcset=\"https:\/\/www.offlanges.fr\/wp-content\/uploads\/2025\/03\/Affiche_conference_Synusie_eau-BVO.jpg 642w, https:\/\/www.offlanges.fr\/wp-content\/uploads\/2025\/03\/Affiche_conference_Synusie_eau-BVO-212x300.jpg 212w\" sizes=\"auto, (max-width: 642px) 100vw, 642px\" \/><\/figure>\n\n\n\n<p><\/p>\n","protected":false},"excerpt":{"rendered":"<p>Le Syndicat de la Vall\u00e9e de l\u2019Ognon s\u2019engage dans une d\u00e9marche de dialogue territorial visant \u00e0 faciliter les \u00e9changes entre les citoyens, les chercheurs et les techniciens du Syndicat. Cette initiative permettra d\u2019aborder les grandes probl\u00e9matiques li\u00e9es \u00e0 l\u2019eau et aux milieux aquatiques. Vous pourrez \u00e9changer avec les sp\u00e9cialistes et les techniciens qui g\u00e8rent localement [&hellip;]<\/p>\n","protected":false},"author":1,"featured_media":3201,"comment_status":"closed","ping_status":"closed","sticky":false,"template":"","format":"standard","meta":{"footnotes":""},"categories":[3],"tags":[51],"class_list":["post-3200","post","type-post","status-publish","format-standard","has-post-thumbnail","hentry","category-annonces","tag-51"],"_links":{"self":[{"href":"https:\/\/www.offlanges.fr\/index.php\/wp-json\/wp\/v2\/posts\/3200","targetHints":{"allow":["GET"]}}],"collection":[{"href":"https:\/\/www.offlanges.fr\/index.php\/wp-json\/wp\/v2\/posts"}],"about":[{"href":"https:\/\/www.offlanges.fr\/index.php\/wp-json\/wp\/v2\/types\/post"}],"author":[{"embeddable":true,"href":"https:\/\/www.offlanges.fr\/index.php\/wp-json\/wp\/v2\/users\/1"}],"replies":[{"embeddable":true,"href":"https:\/\/www.offlanges.fr\/index.php\/wp-json\/wp\/v2\/comments?post=3200"}],"version-history":[{"count":9,"href":"https:\/\/www.offlanges.fr\/index.php\/wp-json\/wp\/v2\/posts\/3200\/revisions"}],"predecessor-version":[{"id":3213,"href":"https:\/\/www.offlanges.fr\/index.php\/wp-json\/wp\/v2\/posts\/3200\/revisions\/3213"}],"wp:featuredmedia":[{"embeddable":true,"href":"https:\/\/www.offlanges.fr\/index.php\/wp-json\/wp\/v2\/media\/3201"}],"wp:attachment":[{"href":"https:\/\/www.offlanges.fr\/index.php\/wp-json\/wp\/v2\/media?parent=3200"}],"wp:term":[{"taxonomy":"category","embeddable":true,"href":"https:\/\/www.offlanges.fr\/index.php\/wp-json\/wp\/v2\/categories?post=3200"},{"taxonomy":"post_tag","embeddable":true,"href":"https:\/\/www.offlanges.fr\/index.php\/wp-json\/wp\/v2\/tags?post=3200"}],"curies":[{"name":"wp","href":"https:\/\/api.w.org\/{rel}","templated":true}]}}